{"id":100,"date":"2023-06-28T09:52:10","date_gmt":"2023-06-28T12:52:10","guid":{"rendered":"https:\/\/taofalando.com.br\/?p=100"},"modified":"2023-06-28T11:29:41","modified_gmt":"2023-06-28T14:29:41","slug":"enfraquecimento-e-humilhacao-como-a-midia-retratou-putin-apos-motim","status":"publish","type":"post","link":"https:\/\/taofalando.com.br\/index.php\/2023\/06\/28\/enfraquecimento-e-humilhacao-como-a-midia-retratou-putin-apos-motim\/","title":{"rendered":"Enfraquecimento e humilha\u00e7\u00e3o: como a m\u00eddia retratou Putin ap\u00f3s motim."},"content":{"rendered":"<p><img decoding=\"async\" loading=\"lazy\" class=\"wp-image-101 aligncenter\" src=\"https:\/\/taofalando.com.br\/wp-content\/uploads\/2023\/06\/putin-1.jpg\" alt=\"\" width=\"424\" height=\"262\" \/><\/p>\n<h3><\/h3>\n<h3>Situa\u00e7\u00e3o nos pa\u00edses<\/h3>\n<p style=\"text-align: justify;\">Alemanha, jornais como o Bild, Die Welt e Der Spiegel destacaram a luta pelo poder na <a href=\"https:\/\/br.images.search.yahoo.com\/search\/images;_ylt=AwrO8_JgKpxkymALnYDz6Qt.;_ylu=Y29sbwNncTEEcG9zAzEEdnRpZAMEc2VjA3BpdnM-?p=putin+russia&amp;fr2=piv-web&amp;type=E210BR91082G0&amp;fr=mcafee#id=9&amp;iurl=https%3A%2F%2Fstatic01.nyt.com%2Fimages%2F2014%2F07%2F30%2Fworld%2FPUTINjp%2FPUTINjp-superJumbo-v2.jpg%3Fquality%3D90%26auto%3Dwebp&amp;action=click\">R\u00fassia<\/a> e refor\u00e7aram a percep\u00e7\u00e3o de fraqueza de Putin. Na Fran\u00e7a, o Le Monde exp\u00f4s a R\u00fassia de Putin, enquanto o Le Parisien foi sucinto ao se referir \u00e0 situa\u00e7\u00e3o como &#8220;confus\u00e3o&#8221;.<\/p>\n<p style=\"text-align: justify;\">Na It\u00e1lia, o La Rep\u00fablica chamou aten\u00e7\u00e3o para a tentativa de golpe, enquanto o La Stampa foi ainda mais longe ao falar em &#8220;Revolu\u00e7\u00e3o Russa&#8221;. Jornais como o Corriere della Sera, Il Fato Quotidiano e Il Mattino tamb\u00e9m enfatizaram o desafio enfrentado por Putin, com t\u00edtulos que variavam de &#8220;desafio a Putin&#8221; a &#8220;o dia do caos&#8221;.<\/p>\n<p style=\"text-align: justify;\">Em Portugal, o Di\u00e1rio de Not\u00edcias destacou o dia em que o Grupo Wagner abalou Putin, enquanto na Espanha, o El Pa\u00eds ressaltou a fraqueza de Putin exposta pela rebeli\u00e3o. O jornal espanhol La Vanguardia explorou a imagem do boxe adotada por jornais brit\u00e2nicos e enfatizou que a rebeli\u00e3o deixou Putin contra as cordas.<\/p>\n<p style=\"text-align: justify;\">Em Israel, o Haaretz ressaltou que, gra\u00e7as ao grupo Wagner, a guerra de Putin na Ucr\u00e2nia chegou \u00e0 R\u00fassia. O Jerusalem Post limitou-se a informar que os rebeldes russos recuaram a 200 km de Moscou.<\/p>\n<p style=\"text-align: justify;\">O New York Times abordou o significado do motim para o futuro de Putin e a possibilidade de vantagem para a Ucr\u00e2nia na guerra. Enfatizando tamb\u00e9m o risco de um presidente sob amea\u00e7a possuir um arsenal nuclear. O Washington Post considerou o epis\u00f3dio como a mais grave amea\u00e7a \u00e0 presid\u00eancia de Putin at\u00e9 ent\u00e3o, criticando sua capacidade de julgamento. O Wall Street Journal destacou que a guerra da Ucr\u00e2nia &#8220;saiu pela culatra&#8221; para Putin.<\/p>\n<p style=\"text-align: justify;\">Na China, o motim na R\u00fassia foi o assunto principal nas plataformas Baidu e Weibo, com uma divis\u00e3o entre usu\u00e1rios que apoiam ou ridicularizam a R\u00fassia.<\/p>\n<h3 style=\"text-align: justify;\">Situa\u00e7\u00e3o Atual<\/h3>\n<p style=\"text-align: justify;\">Especialistas em R\u00fassia expressaram opini\u00f5es desfavor\u00e1veis a Putin. O ex-embaixador dos EUA na R\u00fassia, Michael McFaul, afirmou que o motim enfraquece Putin e levanta d\u00favidas sobre sua capacidade de governar de forma eficaz. Alexander Gabuev, diretor do Carnegie\u00a0 Russia Eurasia Center, previu que o l\u00edder russo ficar\u00e1 enfraquecido pela forte amea\u00e7a \u00e0 sua autoridade. Samuel Charap, cientista pol\u00edtico s\u00eanior da Rand Corp, afirmou que a autoridade de Putin est\u00e1 irreparavelmente danificada.<\/p>\n<h3 style=\"text-align: justify;\">O que esperar?<\/h3>\n<p style=\"text-align: justify;\">Em resumo, a cobertura global sobre o motim de mercen\u00e1rios na R\u00fassia e suas implica\u00e7\u00f5es para Putin refletiu percep\u00e7\u00f5es de fraqueza, sendo assim o desafio \u00e0 autoridade e questionamentos sobre sua capacidade de governar efetivamente \u00e9 grande.<\/p>\n","protected":false},"excerpt":{"rendered":"<p>Situa\u00e7\u00e3o nos pa\u00edses Alemanha, jornais como o Bild, Die Welt e Der Spiegel destacaram a luta pelo poder na R\u00fassia e refor\u00e7aram a percep\u00e7\u00e3o de fraqueza de Putin. Na Fran\u00e7a, o Le Monde exp\u00f4s a R\u00fassia de Putin, enquanto o Le Parisien foi sucinto ao se referir \u00e0 situa\u00e7\u00e3o como &#8220;confus\u00e3o&#8221;. Na It\u00e1lia, o La &hellip;<\/p>\n<p class=\"read-more\"> <a class=\"\" href=\"https:\/\/taofalando.com.br\/index.php\/2023\/06\/28\/enfraquecimento-e-humilhacao-como-a-midia-retratou-putin-apos-motim\/\"> <span class=\"screen-reader-text\">Enfraquecimento e humilha\u00e7\u00e3o: como a m\u00eddia retratou Putin ap\u00f3s motim.<\/span> Leia mais &raquo;<\/a><\/p>\n","protected":false},"author":1,"featured_media":0,"comment_status":"open","ping_status":"open","sticky":false,"template":"","format":"standard","meta":{"site-sidebar-layout":"default","site-content-layout":"default","ast-global-header-display":"","ast-banner-title-visibility":"","ast-main-header-display":"","ast-hfb-above-header-display":"","ast-hfb-below-header-display":"","ast-hfb-mobile-header-display":"","site-post-title":"","ast-breadcrumbs-content":"","ast-featured-img":"","footer-sml-layout":"","theme-transparent-header-meta":"default","adv-header-id-meta":"","stick-header-meta":"","header-above-stick-meta":"","header-main-stick-meta":"","header-below-stick-meta":""},"categories":[13,20],"tags":[],"yoast_head":"<!-- This site is optimized with the Yoast SEO plugin v20.10 - https:\/\/yoast.com\/wordpress\/plugins\/seo\/ -->\n<title>Enfraquecimento e humilha\u00e7\u00e3o: como a m\u00eddia retratou Putin ap\u00f3s motim. - In\u00edcio - T\u00e3oFalando<\/title>\n<meta name=\"description\" content=\"A cobertura global do motim de mercen\u00e1rios na R\u00fassia e suas consequ\u00eancias para o presidente Vladimir Putin gerou diferentes percep\u00e7\u00f5es..\" \/>\n<meta name=\"robots\" content=\"index, follow, max-snippet:-1, max-image-preview:large, max-video-preview:-1\" \/>\n<link rel=\"canonical\" href=\"https:\/\/taofalando.com.br\/index.php\/2023\/06\/28\/enfraquecimento-e-humilhacao-como-a-midia-retratou-putin-apos-motim\/\" \/>\n<meta property=\"og:locale\" content=\"pt_BR\" \/>\n<meta property=\"og:type\" content=\"article\" \/>\n<meta property=\"og:title\" content=\"Enfraquecimento e humilha\u00e7\u00e3o: como a m\u00eddia retratou Putin ap\u00f3s motim. - In\u00edcio - T\u00e3oFalando\" \/>\n<meta property=\"og:description\" content=\"A cobertura global do motim de mercen\u00e1rios na R\u00fassia e suas consequ\u00eancias para o presidente Vladimir Putin gerou diferentes percep\u00e7\u00f5es..\" \/>\n<meta property=\"og:url\" content=\"https:\/\/taofalando.com.br\/index.php\/2023\/06\/28\/enfraquecimento-e-humilhacao-como-a-midia-retratou-putin-apos-motim\/\" \/>\n<meta property=\"og:site_name\" content=\"In\u00edcio - T\u00e3oFalando\" \/>\n<meta property=\"article:published_time\" content=\"2023-06-28T12:52:10+00:00\" \/>\n<meta property=\"article:modified_time\" content=\"2023-06-28T14:29:41+00:00\" \/>\n<meta property=\"og:image\" content=\"https:\/\/taofalando.com.br\/wp-content\/uploads\/2023\/06\/putin-1.jpg\" \/>\n<meta name=\"author\" content=\"taofalando\" \/>\n<meta name=\"twitter:card\" content=\"summary_large_image\" \/>\n<meta name=\"twitter:label1\" content=\"Escrito por\" \/>\n\t<meta name=\"twitter:data1\" content=\"taofalando\" \/>\n\t<meta name=\"twitter:label2\" content=\"Est. tempo de leitura\" \/>\n\t<meta name=\"twitter:data2\" content=\"3 minutos\" \/>\n<script type=\"application\/ld+json\" class=\"yoast-schema-graph\">{\"@context\":\"https:\/\/schema.org\",\"@graph\":[{\"@type\":\"Article\",\"@id\":\"https:\/\/taofalando.com.br\/index.php\/2023\/06\/28\/enfraquecimento-e-humilhacao-como-a-midia-retratou-putin-apos-motim\/#article\",\"isPartOf\":{\"@id\":\"https:\/\/taofalando.com.br\/index.php\/2023\/06\/28\/enfraquecimento-e-humilhacao-como-a-midia-retratou-putin-apos-motim\/\"},\"author\":{\"name\":\"taofalando\",\"@id\":\"https:\/\/taofalando.com.br\/#\/schema\/person\/528f1df03e6b26ccaf58a3a92f964be4\"},\"headline\":\"Enfraquecimento e humilha\u00e7\u00e3o: como a m\u00eddia retratou Putin ap\u00f3s motim.\",\"datePublished\":\"2023-06-28T12:52:10+00:00\",\"dateModified\":\"2023-06-28T14:29:41+00:00\",\"mainEntityOfPage\":{\"@id\":\"https:\/\/taofalando.com.br\/index.php\/2023\/06\/28\/enfraquecimento-e-humilhacao-como-a-midia-retratou-putin-apos-motim\/\"},\"wordCount\":467,\"commentCount\":0,\"publisher\":{\"@id\":\"https:\/\/taofalando.com.br\/#organization\"},\"articleSection\":[\"De Fofoquinha\",\"Outros\"],\"inLanguage\":\"pt-BR\",\"potentialAction\":[{\"@type\":\"CommentAction\",\"name\":\"Comment\",\"target\":[\"https:\/\/taofalando.com.br\/index.php\/2023\/06\/28\/enfraquecimento-e-humilhacao-como-a-midia-retratou-putin-apos-motim\/#respond\"]}]},{\"@type\":\"WebPage\",\"@id\":\"https:\/\/taofalando.com.br\/index.php\/2023\/06\/28\/enfraquecimento-e-humilhacao-como-a-midia-retratou-putin-apos-motim\/\",\"url\":\"https:\/\/taofalando.com.br\/index.php\/2023\/06\/28\/enfraquecimento-e-humilhacao-como-a-midia-retratou-putin-apos-motim\/\",\"name\":\"Enfraquecimento e humilha\u00e7\u00e3o: como a m\u00eddia retratou Putin ap\u00f3s motim. - In\u00edcio - T\u00e3oFalando\",\"isPartOf\":{\"@id\":\"https:\/\/taofalando.com.br\/#website\"},\"datePublished\":\"2023-06-28T12:52:10+00:00\",\"dateModified\":\"2023-06-28T14:29:41+00:00\",\"description\":\"A cobertura global do motim de mercen\u00e1rios na R\u00fassia e suas consequ\u00eancias para o presidente Vladimir Putin gerou diferentes percep\u00e7\u00f5es..\",\"breadcrumb\":{\"@id\":\"https:\/\/taofalando.com.br\/index.php\/2023\/06\/28\/enfraquecimento-e-humilhacao-como-a-midia-retratou-putin-apos-motim\/#breadcrumb\"},\"inLanguage\":\"pt-BR\",\"potentialAction\":[{\"@type\":\"ReadAction\",\"target\":[\"https:\/\/taofalando.com.br\/index.php\/2023\/06\/28\/enfraquecimento-e-humilhacao-como-a-midia-retratou-putin-apos-motim\/\"]}]},{\"@type\":\"BreadcrumbList\",\"@id\":\"https:\/\/taofalando.com.br\/index.php\/2023\/06\/28\/enfraquecimento-e-humilhacao-como-a-midia-retratou-putin-apos-motim\/#breadcrumb\",\"itemListElement\":[{\"@type\":\"ListItem\",\"position\":1,\"name\":\"In\u00edcio\",\"item\":\"https:\/\/taofalando.com.br\/\"},{\"@type\":\"ListItem\",\"position\":2,\"name\":\"Enfraquecimento e humilha\u00e7\u00e3o: como a m\u00eddia retratou Putin ap\u00f3s motim.\"}]},{\"@type\":\"WebSite\",\"@id\":\"https:\/\/taofalando.com.br\/#website\",\"url\":\"https:\/\/taofalando.com.br\/\",\"name\":\"In\u00edcio - T\u00e3oFalando\",\"description\":\"\",\"publisher\":{\"@id\":\"https:\/\/taofalando.com.br\/#organization\"},\"potentialAction\":[{\"@type\":\"SearchAction\",\"target\":{\"@type\":\"EntryPoint\",\"urlTemplate\":\"https:\/\/taofalando.com.br\/?s={search_term_string}\"},\"query-input\":\"required name=search_term_string\"}],\"inLanguage\":\"pt-BR\"},{\"@type\":\"Organization\",\"@id\":\"https:\/\/taofalando.com.br\/#organization\",\"name\":\"In\u00edcio - T\u00e3oFalando\",\"url\":\"https:\/\/taofalando.com.br\/\",\"logo\":{\"@type\":\"ImageObject\",\"inLanguage\":\"pt-BR\",\"@id\":\"https:\/\/taofalando.com.br\/#\/schema\/logo\/image\/\",\"url\":\"https:\/\/taofalando.com.br\/wp-content\/uploads\/2023\/06\/cropped-taofalando-solto-2.png\",\"contentUrl\":\"https:\/\/taofalando.com.br\/wp-content\/uploads\/2023\/06\/cropped-taofalando-solto-2.png\",\"width\":254,\"height\":138,\"caption\":\"In\u00edcio - T\u00e3oFalando\"},\"image\":{\"@id\":\"https:\/\/taofalando.com.br\/#\/schema\/logo\/image\/\"}},{\"@type\":\"Person\",\"@id\":\"https:\/\/taofalando.com.br\/#\/schema\/person\/528f1df03e6b26ccaf58a3a92f964be4\",\"name\":\"taofalando\",\"image\":{\"@type\":\"ImageObject\",\"inLanguage\":\"pt-BR\",\"@id\":\"https:\/\/taofalando.com.br\/#\/schema\/person\/image\/\",\"url\":\"https:\/\/secure.gravatar.com\/avatar\/f5de41c7db37ae64298ad645ae148e7b?s=96&d=mm&r=g\",\"contentUrl\":\"https:\/\/secure.gravatar.com\/avatar\/f5de41c7db37ae64298ad645ae148e7b?s=96&d=mm&r=g\",\"caption\":\"taofalando\"},\"sameAs\":[\"https:\/\/taofalando.com.br\"],\"url\":\"https:\/\/taofalando.com.br\/index.php\/author\/taofalando\/\"}]}<\/script>\n<!-- \/ Yoast SEO plugin. -->","yoast_head_json":{"title":"Enfraquecimento e humilha\u00e7\u00e3o: como a m\u00eddia retratou Putin ap\u00f3s motim. - In\u00edcio - T\u00e3oFalando","description":"A cobertura global do motim de mercen\u00e1rios na R\u00fassia e suas consequ\u00eancias para o presidente Vladimir Putin gerou diferentes percep\u00e7\u00f5es..","robots":{"index":"index","follow":"follow","max-snippet":"max-snippet:-1","max-image-preview":"max-image-preview:large","max-video-preview":"max-video-preview:-1"},"canonical":"https:\/\/taofalando.com.br\/index.php\/2023\/06\/28\/enfraquecimento-e-humilhacao-como-a-midia-retratou-putin-apos-motim\/","og_locale":"pt_BR","og_type":"article","og_title":"Enfraquecimento e humilha\u00e7\u00e3o: como a m\u00eddia retratou Putin ap\u00f3s motim. - In\u00edcio - T\u00e3oFalando","og_description":"A cobertura global do motim de mercen\u00e1rios na R\u00fassia e suas consequ\u00eancias para o presidente Vladimir Putin gerou diferentes percep\u00e7\u00f5es..","og_url":"https:\/\/taofalando.com.br\/index.php\/2023\/06\/28\/enfraquecimento-e-humilhacao-como-a-midia-retratou-putin-apos-motim\/","og_site_name":"In\u00edcio - T\u00e3oFalando","article_published_time":"2023-06-28T12:52:10+00:00","article_modified_time":"2023-06-28T14:29:41+00:00","og_image":[{"url":"https:\/\/taofalando.com.br\/wp-content\/uploads\/2023\/06\/putin-1.jpg"}],"author":"taofalando","twitter_card":"summary_large_image","twitter_misc":{"Escrito por":"taofalando","Est. tempo de leitura":"3 minutos"},"schema":{"@context":"https:\/\/schema.org","@graph":[{"@type":"Article","@id":"https:\/\/taofalando.com.br\/index.php\/2023\/06\/28\/enfraquecimento-e-humilhacao-como-a-midia-retratou-putin-apos-motim\/#article","isPartOf":{"@id":"https:\/\/taofalando.com.br\/index.php\/2023\/06\/28\/enfraquecimento-e-humilhacao-como-a-midia-retratou-putin-apos-motim\/"},"author":{"name":"taofalando","@id":"https:\/\/taofalando.com.br\/#\/schema\/person\/528f1df03e6b26ccaf58a3a92f964be4"},"headline":"Enfraquecimento e humilha\u00e7\u00e3o: como a m\u00eddia retratou Putin ap\u00f3s motim.","datePublished":"2023-06-28T12:52:10+00:00","dateModified":"2023-06-28T14:29:41+00:00","mainEntityOfPage":{"@id":"https:\/\/taofalando.com.br\/index.php\/2023\/06\/28\/enfraquecimento-e-humilhacao-como-a-midia-retratou-putin-apos-motim\/"},"wordCount":467,"commentCount":0,"publisher":{"@id":"https:\/\/taofalando.com.br\/#organization"},"articleSection":["De Fofoquinha","Outros"],"inLanguage":"pt-BR","potentialAction":[{"@type":"CommentAction","name":"Comment","target":["https:\/\/taofalando.com.br\/index.php\/2023\/06\/28\/enfraquecimento-e-humilhacao-como-a-midia-retratou-putin-apos-motim\/#respond"]}]},{"@type":"WebPage","@id":"https:\/\/taofalando.com.br\/index.php\/2023\/06\/28\/enfraquecimento-e-humilhacao-como-a-midia-retratou-putin-apos-motim\/","url":"https:\/\/taofalando.com.br\/index.php\/2023\/06\/28\/enfraquecimento-e-humilhacao-como-a-midia-retratou-putin-apos-motim\/","name":"Enfraquecimento e humilha\u00e7\u00e3o: como a m\u00eddia retratou Putin ap\u00f3s motim. - In\u00edcio - T\u00e3oFalando","isPartOf":{"@id":"https:\/\/taofalando.com.br\/#website"},"datePublished":"2023-06-28T12:52:10+00:00","dateModified":"2023-06-28T14:29:41+00:00","description":"A cobertura global do motim de mercen\u00e1rios na R\u00fassia e suas consequ\u00eancias para o presidente Vladimir Putin gerou diferentes percep\u00e7\u00f5es..","breadcrumb":{"@id":"https:\/\/taofalando.com.br\/index.php\/2023\/06\/28\/enfraquecimento-e-humilhacao-como-a-midia-retratou-putin-apos-motim\/#breadcrumb"},"inLanguage":"pt-BR","potentialAction":[{"@type":"ReadAction","target":["https:\/\/taofalando.com.br\/index.php\/2023\/06\/28\/enfraquecimento-e-humilhacao-como-a-midia-retratou-putin-apos-motim\/"]}]},{"@type":"BreadcrumbList","@id":"https:\/\/taofalando.com.br\/index.php\/2023\/06\/28\/enfraquecimento-e-humilhacao-como-a-midia-retratou-putin-apos-motim\/#breadcrumb","itemListElement":[{"@type":"ListItem","position":1,"name":"In\u00edcio","item":"https:\/\/taofalando.com.br\/"},{"@type":"ListItem","position":2,"name":"Enfraquecimento e humilha\u00e7\u00e3o: como a m\u00eddia retratou Putin ap\u00f3s motim."}]},{"@type":"WebSite","@id":"https:\/\/taofalando.com.br\/#website","url":"https:\/\/taofalando.com.br\/","name":"In\u00edcio - T\u00e3oFalando","description":"","publisher":{"@id":"https:\/\/taofalando.com.br\/#organization"},"potentialAction":[{"@type":"SearchAction","target":{"@type":"EntryPoint","urlTemplate":"https:\/\/taofalando.com.br\/?s={search_term_string}"},"query-input":"required name=search_term_string"}],"inLanguage":"pt-BR"},{"@type":"Organization","@id":"https:\/\/taofalando.com.br\/#organization","name":"In\u00edcio - T\u00e3oFalando","url":"https:\/\/taofalando.com.br\/","logo":{"@type":"ImageObject","inLanguage":"pt-BR","@id":"https:\/\/taofalando.com.br\/#\/schema\/logo\/image\/","url":"https:\/\/taofalando.com.br\/wp-content\/uploads\/2023\/06\/cropped-taofalando-solto-2.png","contentUrl":"https:\/\/taofalando.com.br\/wp-content\/uploads\/2023\/06\/cropped-taofalando-solto-2.png","width":254,"height":138,"caption":"In\u00edcio - T\u00e3oFalando"},"image":{"@id":"https:\/\/taofalando.com.br\/#\/schema\/logo\/image\/"}},{"@type":"Person","@id":"https:\/\/taofalando.com.br\/#\/schema\/person\/528f1df03e6b26ccaf58a3a92f964be4","name":"taofalando","image":{"@type":"ImageObject","inLanguage":"pt-BR","@id":"https:\/\/taofalando.com.br\/#\/schema\/person\/image\/","url":"https:\/\/secure.gravatar.com\/avatar\/f5de41c7db37ae64298ad645ae148e7b?s=96&d=mm&r=g","contentUrl":"https:\/\/secure.gravatar.com\/avatar\/f5de41c7db37ae64298ad645ae148e7b?s=96&d=mm&r=g","caption":"taofalando"},"sameAs":["https:\/\/taofalando.com.br"],"url":"https:\/\/taofalando.com.br\/index.php\/author\/taofalando\/"}]}},"_links":{"self":[{"href":"https:\/\/taofalando.com.br\/index.php\/wp-json\/wp\/v2\/posts\/100"}],"collection":[{"href":"https:\/\/taofalando.com.br\/index.php\/wp-json\/wp\/v2\/posts"}],"about":[{"href":"https:\/\/taofalando.com.br\/index.php\/wp-json\/wp\/v2\/types\/post"}],"author":[{"embeddable":true,"href":"https:\/\/taofalando.com.br\/index.php\/wp-json\/wp\/v2\/users\/1"}],"replies":[{"embeddable":true,"href":"https:\/\/taofalando.com.br\/index.php\/wp-json\/wp\/v2\/comments?post=100"}],"version-history":[{"count":6,"href":"https:\/\/taofalando.com.br\/index.php\/wp-json\/wp\/v2\/posts\/100\/revisions"}],"predecessor-version":[{"id":130,"href":"https:\/\/taofalando.com.br\/index.php\/wp-json\/wp\/v2\/posts\/100\/revisions\/130"}],"wp:attachment":[{"href":"https:\/\/taofalando.com.br\/index.php\/wp-json\/wp\/v2\/media?parent=100"}],"wp:term":[{"taxonomy":"category","embeddable":true,"href":"https:\/\/taofalando.com.br\/index.php\/wp-json\/wp\/v2\/categories?post=100"},{"taxonomy":"post_tag","embeddable":true,"href":"https:\/\/taofalando.com.br\/index.php\/wp-json\/wp\/v2\/tags?post=100"}],"curies":[{"name":"wp","href":"https:\/\/api.w.org\/{rel}","templated":true}]}}